{"id":61321,"date":"2026-09-01T13:16:16","date_gmt":"2026-09-01T13:16:16","guid":{"rendered":"https:\/\/xenodochia.eu\/?p=61321"},"modified":"2026-09-01T13:28:01","modified_gmt":"2026-09-01T13:28:01","slug":"yeni-haberleri-son-dakika-yeni-hakkinda-guncel-haber-ve-bilgiler","status":"publish","type":"post","link":"https:\/\/xenodochia.eu\/?p=61321","title":{"rendered":"Yeni Haberleri Son Dakika Yeni Hakk\u0131nda G\u00fcncel Haber ve Bilgiler"},"content":{"rendered":"<p>Ayr\u0131ca ak\u0131ll\u0131 cep telefonu modelleri, derin dondurucu, buzdolab\u0131, ya\u011f \u00f6l\u00e7er bask\u00fcl gibi f\u0131rsat \u00fcr\u00fcnleri reyonlarda yerini alacak. \u015eOK\u2019ta bu haftan\u0131n sat\u0131\u015fa sunulacak \u00fcr\u00fcnler listesi yay\u0131mlanan \u015eOK 23 A\u011fustos Katalo\u011fu ile belli oldu. Ya\u015fad\u0131klar\u0131 b\u00f6lgede sars\u0131nt\u0131lar\u0131 hissedenler AFAD ve Kandilli Rasathanesi g\u00fcncel depremler listesini anl\u0131k bilgilerle takip ediyor. Son dakika deprem mi oldu sorusu, ya\u015fanan sars\u0131nt\u0131lar\u0131n <a href=\"https:\/\/neon-club-casinoe.com\/\">neonclubcasino<\/a> ard\u0131ndan vatanda\u015flar taraf\u0131ndan sorgulan\u0131yor. Carrefour katalo\u011funda en \u00e7ok talep g\u00f6ren \u00fcr\u00fcnler aras\u0131nda elektronik mutfak \u00fcr\u00fcnleri geldi.<\/p>\n<ul>\n<li>Bug\u00fcn \u201csilahlar\u0131n susmas\u0131\u201d bir propaganda slogan\u0131ndan ibarettir.<\/li>\n<li>G\u00fcnl\u00fck hayatta insanlarla ileti\u015fim kurmak i\u00e7in kullan\u0131lan kelimelerin anlamlar\u0131 ve k\u00f6kenleri genellikle bilinmiyor.<\/li>\n<li>Y\u0131ld\u0131zlar SSS Holding b\u00fcnyesinde Eski\u015fehir\u2019de faaliyet g\u00f6steren Doruk Madencilik\u2019te \u00e7al\u0131\u015fan T\u00fcrk Maden-\u0130\u015f \u00fcyesi i\u015f\u00e7iler, \u00f6denmeyen \u00fccret ve k\u0131dem tazminatlar\u0131 nedeniyle 27 Temmuz\u2019da \u015firket \u00f6n\u00fcnde eylem ba\u015flatm\u0131\u015ft\u0131.<\/li>\n<li>Haftas\u0131nda Amed Sportif Faaliyetler kar\u015f\u0131s\u0131nda sahadan 2-1\u2019lik yenilgiyle ayr\u0131lan Trabzonspor, yeni sezondaki ilk d\u00f6neminde beklentilerin uza\u011f\u0131nda kald\u0131.<\/li>\n<\/ul>\n<p>ABD emperyalizminin say\u0131s\u0131z suikast giri\u015fiminden kurtulan anti-emperyalist dev adam, 90 ya\u015f\u0131nda yata\u011f\u0131nda ya\u015fl\u0131l\u0131k sonucunda \u00f6ld\u00fc. Y\u00fczy\u0131l\u0131n ikinci yar\u0131s\u0131n\u0131n en b\u00fcy\u00fck devrimcilerinden Fidel Castro,13 A\u011fustos 1926 tarihinde do\u011fmu\u015ftu; e\u011fer ya\u015fasayd\u0131 \u015fimdi 100 ya\u015f\u0131nda olacakt\u0131. \u0130\u015f\u00e7i s\u0131n\u0131f\u0131 \u00f6yle bir s\u0131n\u0131ft\u0131r ki en keskin zihinleri, en yetenekli gen\u00e7leri t\u00fcm insanl\u0131\u011f\u0131 \u00f6zg\u00fcrle\u015ftirecek olan b\u00fcy\u00fck kavgas\u0131na \u00e7eker.<\/p>\n<p>Sitemizi kullanmaya devam ederek \u00e7erezleri kullanmam\u0131za izin vermi\u015f oluyorsunuz. G\u00fcnl\u00fck hayatta insanlarla ileti\u015fim kurmak i\u00e7in kullan\u0131lan  kelimelerin anlamlar\u0131 ve k\u00f6kenleri genellikle bilinmiyor. 30 Temmuz\u2019da protesto i\u00e7in kendilerini zincirleyen i\u015f\u00e7ileri istibdad\u0131n polisi g\u00f6zalt\u0131na ald\u0131. Y\u0131ld\u0131zlar SSS Holding b\u00fcnyesinde Eski\u015fehir\u2019de faaliyet g\u00f6steren Doruk Madencilik\u2019te \u00e7al\u0131\u015fan T\u00fcrk Maden-\u0130\u015f \u00fcyesi i\u015f\u00e7iler, \u00f6denmeyen \u00fccret ve k\u0131dem tazminatlar\u0131 nedeniyle 27 Temmuz\u2019da \u015firket \u00f6n\u00fcnde eylem ba\u015flatm\u0131\u015ft\u0131.<\/p>\n<p>#Tuzlu Kahve#\u0130ran#mahinur \u00f6zdemir g\u00f6kta\u015f#Sponsorlu \u0130\u00e7erik#deniz suyu ar\u0131tma#Okul D\u00f6n\u00fc\u015f\u00fc#izmir tarihi#\u0130zmir#Milli E\u011fitim Bakan\u0131 Yusuf Tekin#Deniz G\u00f6kta\u015f Y\u00fcksek\u00f6\u011fretim Kurumlar\u0131 S\u0131nav\u0131 (YKS) yerle\u015ftirme sonu\u00e7lar\u0131na g\u00f6re ilk bine giren adaylar t\u0131p ve m\u00fchendislik b\u00f6l\u00fcmlerini tercih etti. Hayatta kar\u015f\u0131lar\u0131na \u00e7\u0131kan herhangi bir sorun, onlar i\u00e7in d\u00fcnyan\u0131n sonu anlam\u0131na gelir&#8230; Ge\u00e7en senenin sonunda 100 ya\u015f\u0131na basan e\u011flence d\u00fcnyas\u0131n\u0131n \u201cas\u0131rl\u0131k \u00e7\u0131nar\u0131\u201d h\u00e2l\u00e2 korudu\u011fu ya\u015fam enerjisiyle gen\u00e7lere ta\u015f \u00e7\u0131kart\u0131yor ve deyim yerindeyse g\u00f6renleri k\u0131skand\u0131r\u0131yor. Bar\u0131\u015f Din\u00e7el\u2019in y\u00f6netti\u011fi oyunun ba\u015frollerinde G\u00fcnay Karacao\u011flu, Zeynep Kankonde ve B\u00fclent Alk\u0131\u015f yer al\u0131yor.<\/p>\n<p>19 Mart s\u00fcrecinde Ekrem \u0130mamo\u011flu\u2019nun tutuklanmas\u0131n\u0131n ard\u0131ndan istibdad cephesi CHP\u2019ye kayy\u0131m atamay\u0131 d\u00fc\u015f\u00fcnm\u00fc\u015ft\u00fc. Tarih boyunca bu kavram \u00fczerinden bir\u00e7ok farkl\u0131 ya da kar\u015f\u0131t felsefe ak\u0131mlar\u0131 ve okullar\u0131 ortaya \u00e7\u0131km\u0131\u015ft\u0131r. Ger\u00e7eklik kavram\u0131 da buradaki ger\u00e7ek kavram\u0131ndan hareketle kullan\u0131lan, ger\u00e7ek olarak var olan \u015feylerin t\u00fcm\u00fcn\u00fc ifade eden bir kavramd\u0131r. Ontoloji ve epistemoloji alan\u0131nda, bazen bu alanlar\u0131 birbiriyle ili\u015fkilendiren bazen ayr\u0131\u015ft\u0131ran anlam katmanlar\u0131yla kullan\u0131lan bir kavramd\u0131r ger\u00e7ek. Ger\u00e7ek veya hakikat, felsefi bir kavram olarak, genel anlamda, d\u00fc\u015f\u00fcncede var olan \u015feylere kar\u015f\u0131t anlamda var olan, d\u00fc\u015f\u00fcn\u00fclm\u00fc\u015f\u00fcn d\u0131\u015f\u0131nda olan anlam\u0131ndad\u0131r.<\/p>\n<p>Ak\u0131ll\u0131 cep telefonu \u00e7e\u015fitleri 2790 TL ile 5.799 TL aras\u0131nda sat\u0131\u015fa sunulurken ak\u0131ll\u0131 saat 3.199 TL, Kulak i\u00e7i Bluetooth Kulakl\u0131k 799 TL olacak. Carrefour\u2019da bu hafta teknoloji \u00fcr\u00fcnlerinde ya\u015fanan indirim f\u0131rsat\u0131 dikkat \u00e7ekti. \u0130\u015fte bu haftan\u0131n her iki mevsimden de etkilenen yenileri\u2026<\/p>\n<p>Dizi; a\u015fk\u0131n yaln\u0131zca iki insan aras\u0131nda de\u011fil, aileler, gelenekler ve ku\u015faklar aras\u0131nda da s\u0131nand\u0131\u011f\u0131n\u0131 s\u0131cak, e\u011flenceli ve duygusal bir dille anlat\u0131yor. Geleneksel aile ba\u011flar\u0131 ile modern hayat\u0131n \u00e7at\u0131\u015fmalar\u0131n\u0131 ve sars\u0131c\u0131 a\u015fk dinamiklerini merkezine alan yap\u0131m, ilk b\u00f6l\u00fcm\u00fcyle birlikte dikkat \u00e7ekmeyi ba\u015far\u0131yor. Son dakika haberine g\u00f6re, \u00c7al\u0131\u015fma ve Sosyal G\u00fcvenlik Bakan\u0131 Vedat Bilgin, bakanl\u0131k taraf\u0131ndan yetkilendirilen i\u015f g\u00fcvenli\u011fi uzmanlar\u0131n\u0131n kademeli olarak a\u015f\u0131 takvimine dahil edildi\u011fini duyurdu. Hurriyet.com.tr yenilenen tasar\u0131m\u0131 ile birlikte d\u00fcn okurlar\u0131n\u0131n kar\u015f\u0131s\u0131na \u00e7\u0131kt\u0131. Bir sonraki haftan\u0131n BAY ge\u00e7ilecek ve Milli araya girilecek olmas\u0131 birlikte ye\u015fil beyazl\u0131lar i\u00e7in bir f\u0131rsat niteli\u011fi ta\u015f\u0131yor.\u201d Gazeteci Eddie Brock\u2019la uzayl\u0131 yarat\u0131\u011f\u0131n, su\u00e7lu bir \u00e7ifte ve yeni bir canavara kar\u015f\u0131 verdi\u011fi m\u00fccadeleyi anlatan filmin ba\u015frollerini Tom Hardy, Woody Harrelson ve Michelle Williams payla\u015f\u0131yor.<\/p>\n<p>Bu foto\u011fraf muhtemelen son iki g\u00fcnd\u00fcr ekvatoru y\u00fcz binlerce defa dola\u015fm\u0131\u015ft\u0131r. Yukar\u0131daki foto\u011fraf\u0131 iki g\u00fcn \u00f6nce Brezilyal\u0131 bir devrimci Marksist yolda\u015f\u0131m\u0131z sosyal medya arac\u0131l\u0131\u011f\u0131yla payla\u015ft\u0131. Anjiyo yap\u0131lan ve yo\u011fun bak\u0131ma al\u0131nan komedyenin son durumunu a\u011fabeyi Can Y\u0131lmaz a\u00e7\u0131klad\u0131.<\/p>\n<p>D\u00fcnya teknoloji devleri Apple, Google ve Huawei en yeni teknolojileri ve uzunca bir s\u00fcredir merakla beklenen \u00fcr\u00fcnleriyle haftaya damgas\u0131n\u0131 vurdu. Sayfalar\u0131nda \u00fclkemizin tarihi ve turistik simgelerinin kullan\u0131ld\u0131\u011f\u0131 yerli e-pasaportlarda art\u0131k \u2018Turkey\u2019 yerine de T\u00fcrkiye ifadesi kullan\u0131lacak&#8230; Adalet Bakanl\u0131\u011f\u0131, Silivri Belediye Ba\u015fkan\u0131 Y\u0131lmaz&#8217;\u0131n dilek\u00e7esi \u00fczerine Silivri Cezaevi\u2019nin ad\u0131n\u0131n &#8216;Marmara Cezaevi&#8217; olarak de\u011fi\u015ftirilmesi karar\u0131n\u0131 ald\u0131.<\/p>\n<p>NATO\u2019nun Rusya\u2019ya kar\u015f\u0131 sava\u015f\u0131nda b\u00fcy\u00fck bir pazar g\u00f6ren istibdad rejimi buradan pay kapabilmek i\u00e7in NATO\u2019culukta ABD\u2019yi, \u0130ngiltere\u2019yi, Almanya\u2019y\u0131 bile sollad\u0131. \u0130\u015f cinayetlerinin ger\u00e7ek y\u00fcz\u00fcn\u00fc ortaya \u00e7\u0131karmak i\u00e7in m\u00fccadele eden \u0130\u015f\u00e7i Sa\u011fl\u0131\u011f\u0131 ve \u0130\u015f G\u00fcvenli\u011fi (\u0130S\u0130G) Meclisi i\u015f\u00e7i s\u0131n\u0131f\u0131 i\u00e7in vazge\u00e7ilmez \u00f6nemde \u00e7al\u0131\u015fmalar yap\u0131yor. A\u00e7\u0131k alanda \u00e7al\u0131\u015fan i\u015f\u00e7iler \u00f6zellikle tehlike alt\u0131ndalar. Otoyollar\u0131 kapatarak kongreyi ablukaya alan kitleler, fa\u015fizme kar\u015f\u0131 m\u00fccadelenin sokakta kitlesel eylemle kazan\u0131laca\u011f\u0131n\u0131 g\u00f6sterdi. Kald\u0131 ki bug\u00fcn halihaz\u0131rda T\u00fcrkiye\u2019nin K\u00fcrt illeri, Bat\u0131 Asya \u00e7ap\u0131nda silahlar\u0131n patlamad\u0131\u011f\u0131 istisnai bir b\u00f6lgedir.<\/p>\n","protected":false},"excerpt":{"rendered":"<p>Ayr\u0131ca ak\u0131ll\u0131 cep telefonu modelleri, derin dondurucu, buzdolab\u0131, ya\u011f \u00f6l\u00e7er bask\u00fcl gibi f\u0131rsat \u00fcr\u00fcnleri reyonlarda yerini alacak. \u015eOK\u2019ta bu haftan\u0131n sat\u0131\u015fa sunulacak \u00fcr\u00fcnler listesi yay\u0131mlanan \u015eOK 23 A\u011fustos Katalo\u011fu ile belli oldu. Ya\u015fad\u0131klar\u0131 b\u00f6lgede sars\u0131nt\u0131lar\u0131 hissedenler AFAD ve Kandilli Rasathanesi g\u00fcncel depremler listesini anl\u0131k bilgilerle takip ediyor. Son dakika deprem mi oldu sorusu, ya\u015fanan sars\u0131nt\u0131lar\u0131n [&hellip;]<\/p>\n","protected":false},"author":30,"featured_media":0,"comment_status":"closed","ping_status":"","sticky":false,"template":"","format":"standard","meta":{"footnotes":""},"categories":[],"tags":[],"class_list":["post-61321","post","type-post","status-publish","format-standard","hentry"],"_links":{"self":[{"href":"https:\/\/xenodochia.eu\/index.php?rest_route=\/wp\/v2\/posts\/61321","targetHints":{"allow":["GET"]}}],"collection":[{"href":"https:\/\/xenodochia.eu\/index.php?rest_route=\/wp\/v2\/posts"}],"about":[{"href":"https:\/\/xenodochia.eu\/index.php?rest_route=\/wp\/v2\/types\/post"}],"author":[{"embeddable":true,"href":"https:\/\/xenodochia.eu\/index.php?rest_route=\/wp\/v2\/users\/30"}],"replies":[{"embeddable":true,"href":"https:\/\/xenodochia.eu\/index.php?rest_route=%2Fwp%2Fv2%2Fcomments&post=61321"}],"version-history":[{"count":1,"href":"https:\/\/xenodochia.eu\/index.php?rest_route=\/wp\/v2\/posts\/61321\/revisions"}],"predecessor-version":[{"id":61322,"href":"https:\/\/xenodochia.eu\/index.php?rest_route=\/wp\/v2\/posts\/61321\/revisions\/61322"}],"wp:attachment":[{"href":"https:\/\/xenodochia.eu\/index.php?rest_route=%2Fwp%2Fv2%2Fmedia&parent=61321"}],"wp:term":[{"taxonomy":"category","embeddable":true,"href":"https:\/\/xenodochia.eu\/index.php?rest_route=%2Fwp%2Fv2%2Fcategories&post=61321"},{"taxonomy":"post_tag","embeddable":true,"href":"https:\/\/xenodochia.eu\/index.php?rest_route=%2Fwp%2Fv2%2Ftags&post=61321"}],"curies":[{"name":"wp","href":"https:\/\/api.w.org\/{rel}","templated":true}]}}